{"id":9399,"date":"2023-02-25T10:06:56","date_gmt":"2023-02-25T09:06:56","guid":{"rendered":"http:\/\/www.mmlegnopiu.it\/porte-finestre-milano\/?p=9399"},"modified":"2023-02-25T10:06:56","modified_gmt":"2023-02-25T09:06:56","slug":"maniglie-olivari-che-arredano-2","status":"publish","type":"post","link":"https:\/\/www.mmlegnopiu.it\/porte-finestre-milano\/maniglie-olivari-che-arredano-2\/","title":{"rendered":"Maniglie Olivari che arredano"},"content":{"rendered":"<h1 style=\"text-align: center;\"><span style=\"font-size: 140%;\">Oltre all&#8217;evidente funzione di apertura e chiusura, le maniglie Olivari sono uno dei classici dettagli che fanno la differenza, poich\u00e9 &#8211; se scelte con cura &#8211; possono conferire grinta e personalit\u00e0 sia alle porte, sia ai vari ambienti della casa.<\/span><\/h1>\n<p>&nbsp;<\/p>\n<p>&nbsp;<\/p>\n<p>&nbsp;<\/p>\n<h2>Principale protagonista del movimento che compiamo automaticamente nel chiudere o aprire una porta \u00e8 la<strong> maniglia. <\/strong><\/h2>\n<h2>Vellutata al tatto ed ergonomica, oppure classica e \u201cspartana\u201d, semplice e sobria oppure molto originale e di design, la maniglia conferisce non solo alle porte, ma spesso all\u2019intero ambiente, un tocco personalizzato.<\/h2>\n<h2>Molto diffusa \u00e8 la maniglia in <strong>ottone<\/strong>, materiale resistente alla corrosione, molto duttile e malleabile, caratteristiche queste ultime che consentono a progettisti e designer di sbizzarrirsi nell\u2019ideazione di pezzi unici, capaci di contribuire ad arredare con gusto i vari spazi abitativi. Spesso l\u2019ottone viene abbinato ad altri materiali, come il <strong>vetro o il cristallo<\/strong>, trasformando la maniglia in un vero e proprio gioiello: di grande impatto e davvero bella da vedere.<\/h2>\n<h2>Per <strong>scegliere le maniglie giuste<\/strong>, ovviamente occorre tener conto dello stile d\u2019arredamento del proprio appartamento e dell\u2019infisso sul quale verr\u00e0 posizionata: la variet\u00e0 in effetti \u00e8 molto ampia.<\/h2>\n<h2>Si spazia dai modelli etno-chic a quelli pi\u00f9 contemporanei ed eleganti, dalle maniglie classiche a quelle minimal.<\/h2>\n<h2>Una maniglia classica e lineare, sta bene ovunque: dalle porte in legno a quelle laccate.<\/h2>\n<h2>Occorre invece prestare maggior attenzione alle maniglie di design, pi\u00f9 idonee a modelli contemporanei, con i quali a volte si ha maggiore agio nel giocare su contrasti ed effetti decor.<\/h2>\n<p>&nbsp;<\/p>\n<p>&nbsp;<\/p>\n<h4><img loading=\"lazy\" decoding=\"async\" class=\"alignnone size-full wp-image-9401\" src=\"http:\/\/www.mmlegnopiu.it\/porte-finestre-milano\/wp-content\/uploads\/2020\/07\/maniglia-olivari.jpg\" alt=\"\" width=\"1920\" height=\"1280\" srcset=\"https:\/\/www.mmlegnopiu.it\/porte-finestre-milano\/wp-content\/uploads\/2020\/07\/maniglia-olivari.jpg 1920w, https:\/\/www.mmlegnopiu.it\/porte-finestre-milano\/wp-content\/uploads\/2020\/07\/maniglia-olivari-400x267.jpg 400w, https:\/\/www.mmlegnopiu.it\/porte-finestre-milano\/wp-content\/uploads\/2020\/07\/maniglia-olivari-300x200.jpg 300w, https:\/\/www.mmlegnopiu.it\/porte-finestre-milano\/wp-content\/uploads\/2020\/07\/maniglia-olivari-1024x683.jpg 1024w, https:\/\/www.mmlegnopiu.it\/porte-finestre-milano\/wp-content\/uploads\/2020\/07\/maniglia-olivari-768x512.jpg 768w, https:\/\/www.mmlegnopiu.it\/porte-finestre-milano\/wp-content\/uploads\/2020\/07\/maniglia-olivari-1536x1024.jpg 1536w, https:\/\/www.mmlegnopiu.it\/porte-finestre-milano\/wp-content\/uploads\/2020\/07\/maniglia-olivari-600x400.jpg 600w\" sizes=\"auto, (max-width: 1920px) 100vw, 1920px\" \/><strong>ATENA PANIER, <a href=\"https:\/\/www.olivari.it\/prodotti\/atena-panier\/\">Studio Olivari 2016<\/a><\/strong><\/h4>\n<p>Il Guilloch\u00e9 \u00e8 una tecnica decorativa di incisione realizzata con apposite macchine che, guidate manualmente, generano un preciso, intricato e ripetitivo pattern sul materiale di base. Il pattern Panier, intreccio di vimini delle ceste, applicato al best-seller Olivari Diana, dona alla maniglia eleganza e classicit\u00e0.<\/p>\n<p>&nbsp;<\/p>\n<p>&nbsp;<\/p>\n<h4><img loading=\"lazy\" decoding=\"async\" class=\"alignnone size-full wp-image-9402\" src=\"http:\/\/www.mmlegnopiu.it\/porte-finestre-milano\/wp-content\/uploads\/2020\/07\/maniglia-olivari-1.jpg\" alt=\"\" width=\"1920\" height=\"1280\" srcset=\"https:\/\/www.mmlegnopiu.it\/porte-finestre-milano\/wp-content\/uploads\/2020\/07\/maniglia-olivari-1.jpg 1920w, https:\/\/www.mmlegnopiu.it\/porte-finestre-milano\/wp-content\/uploads\/2020\/07\/maniglia-olivari-1-400x267.jpg 400w, https:\/\/www.mmlegnopiu.it\/porte-finestre-milano\/wp-content\/uploads\/2020\/07\/maniglia-olivari-1-300x200.jpg 300w, https:\/\/www.mmlegnopiu.it\/porte-finestre-milano\/wp-content\/uploads\/2020\/07\/maniglia-olivari-1-1024x683.jpg 1024w, https:\/\/www.mmlegnopiu.it\/porte-finestre-milano\/wp-content\/uploads\/2020\/07\/maniglia-olivari-1-768x512.jpg 768w, https:\/\/www.mmlegnopiu.it\/porte-finestre-milano\/wp-content\/uploads\/2020\/07\/maniglia-olivari-1-1536x1024.jpg 1536w, https:\/\/www.mmlegnopiu.it\/porte-finestre-milano\/wp-content\/uploads\/2020\/07\/maniglia-olivari-1-600x400.jpg 600w\" sizes=\"auto, (max-width: 1920px) 100vw, 1920px\" \/><strong>CHELSEA, <a href=\"https:\/\/www.olivari.it\/prodotti\/chelsea\/\">Jean Nouvel 2013<\/a><\/strong><\/h4>\n<p>&nbsp;<\/p>\n<h2>La ricerca condotta per mettere a punto il modello Chelsea \u00e8 espressione della sensibilit\u00e0 artistica di Jean Nouvel. La maniglia nasce in contemporanea con la torre residenziale 100 11th Avenue che Jean progetta per il quartiere nel cuore di Manhattan da cui prende il nome: egli immagina un\u2019architettura come una \u201cmacchina per la visione\u201d in grado di catturare i riflessi del fiume Hudson sul quale si affaccia.<\/h2>\n<h2>Per le maniglie, Jean ci chiede un modello fuori dall&#8217;usuale. \u00c8 alla ricerca di una forma diversa rispetto alla geometria tubolare che convenzionalmente ispira la leva.<\/h2>\n<p>&nbsp;<\/p>\n<p>&nbsp;<\/p>\n<h4><img loading=\"lazy\" decoding=\"async\" class=\"alignnone size-full wp-image-9403\" src=\"http:\/\/www.mmlegnopiu.it\/porte-finestre-milano\/wp-content\/uploads\/2020\/07\/maniglia-olivari-2.jpg\" alt=\"\" width=\"1920\" height=\"1280\" srcset=\"https:\/\/www.mmlegnopiu.it\/porte-finestre-milano\/wp-content\/uploads\/2020\/07\/maniglia-olivari-2.jpg 1920w, https:\/\/www.mmlegnopiu.it\/porte-finestre-milano\/wp-content\/uploads\/2020\/07\/maniglia-olivari-2-400x267.jpg 400w, https:\/\/www.mmlegnopiu.it\/porte-finestre-milano\/wp-content\/uploads\/2020\/07\/maniglia-olivari-2-300x200.jpg 300w, https:\/\/www.mmlegnopiu.it\/porte-finestre-milano\/wp-content\/uploads\/2020\/07\/maniglia-olivari-2-1024x683.jpg 1024w, https:\/\/www.mmlegnopiu.it\/porte-finestre-milano\/wp-content\/uploads\/2020\/07\/maniglia-olivari-2-768x512.jpg 768w, https:\/\/www.mmlegnopiu.it\/porte-finestre-milano\/wp-content\/uploads\/2020\/07\/maniglia-olivari-2-1536x1024.jpg 1536w, https:\/\/www.mmlegnopiu.it\/porte-finestre-milano\/wp-content\/uploads\/2020\/07\/maniglia-olivari-2-600x400.jpg 600w\" sizes=\"auto, (max-width: 1920px) 100vw, 1920px\" \/><strong>CRYSTAL DIAMOND, <a href=\"https:\/\/www.olivari.it\/prodotti\/crystal-diamond\/\">Marcel Wanders 2015<\/a><\/strong><\/h4>\n<p>&nbsp;<\/p>\n<h2>La collezione di maniglie Crystal del 2015 di Marcel Wanders \u00e8 una sorta di compendio della storia e dell\u2019abilit\u00e0 artigianale, maturata dall\u2019azienda in oltre 100 anni di vita.<\/h2>\n<h2>Crystal Diamond \u00e8 una luminosa e scintillante continuit\u00e0 della combinazione di minimalismo e classicismo evocati dalla sua maniglia Dolce Vita (2014). Divisa in due parti, una in ottone e l\u2019altra, frontale, in cristallo, Crystal Diamond ci consente d\u2019intravedere \u2013 attraverso il cristallo \u2013 il decoro riflesso sull\u2019ottone.<\/h2>\n<p>&nbsp;<\/p>\n<p>&nbsp;<\/p>\n<h4><img loading=\"lazy\" decoding=\"async\" class=\"alignnone size-full wp-image-9404\" src=\"http:\/\/www.mmlegnopiu.it\/porte-finestre-milano\/wp-content\/uploads\/2020\/07\/ma.jpg\" alt=\"\" width=\"1920\" height=\"1280\" srcset=\"https:\/\/www.mmlegnopiu.it\/porte-finestre-milano\/wp-content\/uploads\/2020\/07\/ma.jpg 1920w, https:\/\/www.mmlegnopiu.it\/porte-finestre-milano\/wp-content\/uploads\/2020\/07\/ma-400x267.jpg 400w, https:\/\/www.mmlegnopiu.it\/porte-finestre-milano\/wp-content\/uploads\/2020\/07\/ma-300x200.jpg 300w, https:\/\/www.mmlegnopiu.it\/porte-finestre-milano\/wp-content\/uploads\/2020\/07\/ma-1024x683.jpg 1024w, https:\/\/www.mmlegnopiu.it\/porte-finestre-milano\/wp-content\/uploads\/2020\/07\/ma-768x512.jpg 768w, https:\/\/www.mmlegnopiu.it\/porte-finestre-milano\/wp-content\/uploads\/2020\/07\/ma-1536x1024.jpg 1536w, https:\/\/www.mmlegnopiu.it\/porte-finestre-milano\/wp-content\/uploads\/2020\/07\/ma-600x400.jpg 600w\" sizes=\"auto, (max-width: 1920px) 100vw, 1920px\" \/><strong>AURORA, <a href=\"https:\/\/www.olivari.it\/prodotti\/aurora\/\">Alessandro Mendini 1994<\/a><\/strong><\/h4>\n<h2><\/h2>\n<h2>L&#8217;idea di una maniglia che racchiudesse la magia del vetro \u00e8 nata dal colloquio con Alessandro Mendini. Ebbe subito l\u2019intuizione di una goccia di vetro trasparente integrata o emergente dal metallo, e cos\u00ec anche l\u2019idea della forma.<\/h2>\n<p>&nbsp;<\/p>\n<p>&nbsp;<\/p>\n<h4><img loading=\"lazy\" decoding=\"async\" class=\"alignnone size-full wp-image-9405\" src=\"http:\/\/www.mmlegnopiu.it\/porte-finestre-milano\/wp-content\/uploads\/2020\/07\/01-marilyn-mad.jpg\" alt=\"\" width=\"1920\" height=\"1280\" srcset=\"https:\/\/www.mmlegnopiu.it\/porte-finestre-milano\/wp-content\/uploads\/2020\/07\/01-marilyn-mad.jpg 1920w, https:\/\/www.mmlegnopiu.it\/porte-finestre-milano\/wp-content\/uploads\/2020\/07\/01-marilyn-mad-400x267.jpg 400w, https:\/\/www.mmlegnopiu.it\/porte-finestre-milano\/wp-content\/uploads\/2020\/07\/01-marilyn-mad-300x200.jpg 300w, https:\/\/www.mmlegnopiu.it\/porte-finestre-milano\/wp-content\/uploads\/2020\/07\/01-marilyn-mad-1024x683.jpg 1024w, https:\/\/www.mmlegnopiu.it\/porte-finestre-milano\/wp-content\/uploads\/2020\/07\/01-marilyn-mad-768x512.jpg 768w, https:\/\/www.mmlegnopiu.it\/porte-finestre-milano\/wp-content\/uploads\/2020\/07\/01-marilyn-mad-1536x1024.jpg 1536w, https:\/\/www.mmlegnopiu.it\/porte-finestre-milano\/wp-content\/uploads\/2020\/07\/01-marilyn-mad-600x400.jpg 600w\" sizes=\"auto, (max-width: 1920px) 100vw, 1920px\" \/><strong>MARILYN, <a href=\"https:\/\/www.olivari.it\/prodotti\/marilyn\/\">MAD Architects 2016<\/a><\/strong><\/h4>\n<h2>Marilyn nasce dal linguaggio organico e sinuoso dello studio MAD Architects e del suo leader Ma Yansong. La forma morbida e flessuosa della maniglia ricorda il design innovativo delle Absolute Towers di Toronto, note tra gli abitanti del quartiere come Marilyn Monroe Towers.<\/h2>\n<p>&nbsp;<\/p>\n<p>&nbsp;<\/p>\n<h1 style=\"text-align: center;\"><\/h1>\n<p><em>Vieni a trovarci nel nostro <a href=\"https:\/\/www.mmlegnopiu.it\/porte-finestre-milano\/contatti\/\">show-room alle porte di Milano<\/a>, per scoprire tutta la gamma di maniglie OLIVARI.<\/em><\/p>\n<p>&nbsp;<\/p>\n<p>&nbsp;<\/p>\n","protected":false},"excerpt":{"rendered":"<p>Oltre all&#8217;evidente funzione di apertura e chiusura, le maniglie Olivari sono uno dei classici dettagli che fanno la differenza, poich\u00e9 &#8211; se scelte con cura &#8211; possono conferire grinta e personalit\u00e0 sia alle porte, sia ai vari ambienti della casa. &nbsp; &nbsp; &nbsp; Principale protagonista del movimento che compiamo automaticamente nel chiudere o aprire una [&#8230;]\n","protected":false},"author":3,"featured_media":9401,"comment_status":"closed","ping_status":"closed","sticky":false,"template":"","format":"standard","meta":{"footnotes":""},"categories":[1],"tags":[421,261,259,338],"class_list":["post-9399","post","type-post","status-publish","format-standard","has-post-thumbnail","hentry","category-news","tag-maniglie","tag-milano","tag-news-2","tag-olivari"],"yoast_head":"<!-- This site is optimized with the Yoast SEO plugin v26.8 - https:\/\/yoast.com\/product\/yoast-seo-wordpress\/ -->\n<title>Maniglie OLIVARI che arredano: foto e modelli<\/title>\n<meta name=\"description\" content=\"Vieni a trovarci nel nostro ampio show-room alle porte di Milano. Troverai un&#039;ampia esposizione di tutte le maniglie Olivari a Milano.\" \/>\n<meta name=\"robots\" content=\"index, follow, max-snippet:-1, max-image-preview:large, max-video-preview:-1\" \/>\n<link rel=\"canonical\" href=\"https:\/\/www.mmlegnopiu.it\/porte-finestre-milano\/maniglie-olivari-che-arredano-2\/\" \/>\n<meta property=\"og:locale\" content=\"it_IT\" \/>\n<meta property=\"og:type\" content=\"article\" \/>\n<meta property=\"og:title\" content=\"Maniglie OLIVARI che arredano: foto e modelli\" \/>\n<meta property=\"og:description\" content=\"Vieni a trovarci nel nostro ampio show-room alle porte di Milano. Troverai un&#039;ampia esposizione di tutte le maniglie Olivari a Milano.\" \/>\n<meta property=\"og:url\" content=\"https:\/\/www.mmlegnopiu.it\/porte-finestre-milano\/maniglie-olivari-che-arredano-2\/\" \/>\n<meta property=\"og:site_name\" content=\"M&amp;M Legno Pi\u00f9\" \/>\n<meta property=\"article:published_time\" content=\"2023-02-25T09:06:56+00:00\" \/>\n<meta property=\"og:image\" content=\"http:\/\/www.mmlegnopiu.it\/porte-finestre-milano\/wp-content\/uploads\/2020\/07\/maniglia-olivari.jpg\" \/>\n\t<meta property=\"og:image:width\" content=\"1920\" \/>\n\t<meta property=\"og:image:height\" content=\"1280\" \/>\n\t<meta property=\"og:image:type\" content=\"image\/jpeg\" \/>\n<meta name=\"author\" content=\"michela\" \/>\n<meta name=\"twitter:card\" content=\"summary_large_image\" \/>\n<meta name=\"twitter:label1\" content=\"Scritto da\" \/>\n\t<meta name=\"twitter:data1\" content=\"michela\" \/>\n\t<meta name=\"twitter:label2\" content=\"Tempo di lettura stimato\" \/>\n\t<meta name=\"twitter:data2\" content=\"5 minuti\" \/>\n<script type=\"application\/ld+json\" class=\"yoast-schema-graph\">{\"@context\":\"https:\/\/schema.org\",\"@graph\":[{\"@type\":\"Article\",\"@id\":\"https:\/\/www.mmlegnopiu.it\/porte-finestre-milano\/maniglie-olivari-che-arredano-2\/#article\",\"isPartOf\":{\"@id\":\"https:\/\/www.mmlegnopiu.it\/porte-finestre-milano\/maniglie-olivari-che-arredano-2\/\"},\"author\":{\"name\":\"michela\",\"@id\":\"https:\/\/www.mmlegnopiu.it\/porte-finestre-milano\/#\/schema\/person\/8abce2af3b001c7342fd5ec6e58599e3\"},\"headline\":\"Maniglie Olivari che arredano\",\"datePublished\":\"2023-02-25T09:06:56+00:00\",\"mainEntityOfPage\":{\"@id\":\"https:\/\/www.mmlegnopiu.it\/porte-finestre-milano\/maniglie-olivari-che-arredano-2\/\"},\"wordCount\":598,\"publisher\":{\"@id\":\"https:\/\/www.mmlegnopiu.it\/porte-finestre-milano\/#organization\"},\"image\":{\"@id\":\"https:\/\/www.mmlegnopiu.it\/porte-finestre-milano\/maniglie-olivari-che-arredano-2\/#primaryimage\"},\"thumbnailUrl\":\"https:\/\/www.mmlegnopiu.it\/porte-finestre-milano\/wp-content\/uploads\/2020\/07\/maniglia-olivari.jpg\",\"keywords\":[\"maniglie\",\"milano\",\"news\",\"olivari\"],\"articleSection\":[\"News\"],\"inLanguage\":\"it-IT\"},{\"@type\":\"WebPage\",\"@id\":\"https:\/\/www.mmlegnopiu.it\/porte-finestre-milano\/maniglie-olivari-che-arredano-2\/\",\"url\":\"https:\/\/www.mmlegnopiu.it\/porte-finestre-milano\/maniglie-olivari-che-arredano-2\/\",\"name\":\"Maniglie OLIVARI che arredano: foto e modelli\",\"isPartOf\":{\"@id\":\"https:\/\/www.mmlegnopiu.it\/porte-finestre-milano\/#website\"},\"primaryImageOfPage\":{\"@id\":\"https:\/\/www.mmlegnopiu.it\/porte-finestre-milano\/maniglie-olivari-che-arredano-2\/#primaryimage\"},\"image\":{\"@id\":\"https:\/\/www.mmlegnopiu.it\/porte-finestre-milano\/maniglie-olivari-che-arredano-2\/#primaryimage\"},\"thumbnailUrl\":\"https:\/\/www.mmlegnopiu.it\/porte-finestre-milano\/wp-content\/uploads\/2020\/07\/maniglia-olivari.jpg\",\"datePublished\":\"2023-02-25T09:06:56+00:00\",\"description\":\"Vieni a trovarci nel nostro ampio show-room alle porte di Milano. Troverai un'ampia esposizione di tutte le maniglie Olivari a Milano.\",\"breadcrumb\":{\"@id\":\"https:\/\/www.mmlegnopiu.it\/porte-finestre-milano\/maniglie-olivari-che-arredano-2\/#breadcrumb\"},\"inLanguage\":\"it-IT\",\"potentialAction\":[{\"@type\":\"ReadAction\",\"target\":[\"https:\/\/www.mmlegnopiu.it\/porte-finestre-milano\/maniglie-olivari-che-arredano-2\/\"]}]},{\"@type\":\"ImageObject\",\"inLanguage\":\"it-IT\",\"@id\":\"https:\/\/www.mmlegnopiu.it\/porte-finestre-milano\/maniglie-olivari-che-arredano-2\/#primaryimage\",\"url\":\"https:\/\/www.mmlegnopiu.it\/porte-finestre-milano\/wp-content\/uploads\/2020\/07\/maniglia-olivari.jpg\",\"contentUrl\":\"https:\/\/www.mmlegnopiu.it\/porte-finestre-milano\/wp-content\/uploads\/2020\/07\/maniglia-olivari.jpg\",\"width\":1920,\"height\":1280},{\"@type\":\"BreadcrumbList\",\"@id\":\"https:\/\/www.mmlegnopiu.it\/porte-finestre-milano\/maniglie-olivari-che-arredano-2\/#breadcrumb\",\"itemListElement\":[{\"@type\":\"ListItem\",\"position\":1,\"name\":\"Home\",\"item\":\"https:\/\/www.mmlegnopiu.it\/porte-finestre-milano\/\"},{\"@type\":\"ListItem\",\"position\":2,\"name\":\"Maniglie Olivari che arredano\"}]},{\"@type\":\"WebSite\",\"@id\":\"https:\/\/www.mmlegnopiu.it\/porte-finestre-milano\/#website\",\"url\":\"https:\/\/www.mmlegnopiu.it\/porte-finestre-milano\/\",\"name\":\"M&amp;M Legno Pi\u00f9\",\"description\":\"Finestre Milano, porte, scale.\",\"publisher\":{\"@id\":\"https:\/\/www.mmlegnopiu.it\/porte-finestre-milano\/#organization\"},\"potentialAction\":[{\"@type\":\"SearchAction\",\"target\":{\"@type\":\"EntryPoint\",\"urlTemplate\":\"https:\/\/www.mmlegnopiu.it\/porte-finestre-milano\/?s={search_term_string}\"},\"query-input\":{\"@type\":\"PropertyValueSpecification\",\"valueRequired\":true,\"valueName\":\"search_term_string\"}}],\"inLanguage\":\"it-IT\"},{\"@type\":\"Organization\",\"@id\":\"https:\/\/www.mmlegnopiu.it\/porte-finestre-milano\/#organization\",\"name\":\"M & M Legno Pi\u00f9\",\"url\":\"https:\/\/www.mmlegnopiu.it\/porte-finestre-milano\/\",\"logo\":{\"@type\":\"ImageObject\",\"inLanguage\":\"it-IT\",\"@id\":\"https:\/\/www.mmlegnopiu.it\/porte-finestre-milano\/#\/schema\/logo\/image\/\",\"url\":\"https:\/\/www.mmlegnopiu.it\/porte-finestre-milano\/wp-content\/uploads\/2015\/04\/logo.jpg\",\"contentUrl\":\"https:\/\/www.mmlegnopiu.it\/porte-finestre-milano\/wp-content\/uploads\/2015\/04\/logo.jpg\",\"width\":214,\"height\":219,\"caption\":\"M & M Legno Pi\u00f9\"},\"image\":{\"@id\":\"https:\/\/www.mmlegnopiu.it\/porte-finestre-milano\/#\/schema\/logo\/image\/\"}},{\"@type\":\"Person\",\"@id\":\"https:\/\/www.mmlegnopiu.it\/porte-finestre-milano\/#\/schema\/person\/8abce2af3b001c7342fd5ec6e58599e3\",\"name\":\"michela\",\"image\":{\"@type\":\"ImageObject\",\"inLanguage\":\"it-IT\",\"@id\":\"https:\/\/www.mmlegnopiu.it\/porte-finestre-milano\/#\/schema\/person\/image\/\",\"url\":\"https:\/\/secure.gravatar.com\/avatar\/ed54f26e894f2b3c3cd8a04a8759abce?s=96&d=mm&r=g\",\"contentUrl\":\"https:\/\/secure.gravatar.com\/avatar\/ed54f26e894f2b3c3cd8a04a8759abce?s=96&d=mm&r=g\",\"caption\":\"michela\"},\"url\":\"https:\/\/www.mmlegnopiu.it\/porte-finestre-milano\/author\/michela\/\"}]}<\/script>\n<!-- \/ Yoast SEO plugin. -->","yoast_head_json":{"title":"Maniglie OLIVARI che arredano: foto e modelli","description":"Vieni a trovarci nel nostro ampio show-room alle porte di Milano. Troverai un'ampia esposizione di tutte le maniglie Olivari a Milano.","robots":{"index":"index","follow":"follow","max-snippet":"max-snippet:-1","max-image-preview":"max-image-preview:large","max-video-preview":"max-video-preview:-1"},"canonical":"https:\/\/www.mmlegnopiu.it\/porte-finestre-milano\/maniglie-olivari-che-arredano-2\/","og_locale":"it_IT","og_type":"article","og_title":"Maniglie OLIVARI che arredano: foto e modelli","og_description":"Vieni a trovarci nel nostro ampio show-room alle porte di Milano. Troverai un'ampia esposizione di tutte le maniglie Olivari a Milano.","og_url":"https:\/\/www.mmlegnopiu.it\/porte-finestre-milano\/maniglie-olivari-che-arredano-2\/","og_site_name":"M&amp;M Legno Pi\u00f9","article_published_time":"2023-02-25T09:06:56+00:00","og_image":[{"width":1920,"height":1280,"url":"http:\/\/www.mmlegnopiu.it\/porte-finestre-milano\/wp-content\/uploads\/2020\/07\/maniglia-olivari.jpg","type":"image\/jpeg"}],"author":"michela","twitter_card":"summary_large_image","twitter_misc":{"Scritto da":"michela","Tempo di lettura stimato":"5 minuti"},"schema":{"@context":"https:\/\/schema.org","@graph":[{"@type":"Article","@id":"https:\/\/www.mmlegnopiu.it\/porte-finestre-milano\/maniglie-olivari-che-arredano-2\/#article","isPartOf":{"@id":"https:\/\/www.mmlegnopiu.it\/porte-finestre-milano\/maniglie-olivari-che-arredano-2\/"},"author":{"name":"michela","@id":"https:\/\/www.mmlegnopiu.it\/porte-finestre-milano\/#\/schema\/person\/8abce2af3b001c7342fd5ec6e58599e3"},"headline":"Maniglie Olivari che arredano","datePublished":"2023-02-25T09:06:56+00:00","mainEntityOfPage":{"@id":"https:\/\/www.mmlegnopiu.it\/porte-finestre-milano\/maniglie-olivari-che-arredano-2\/"},"wordCount":598,"publisher":{"@id":"https:\/\/www.mmlegnopiu.it\/porte-finestre-milano\/#organization"},"image":{"@id":"https:\/\/www.mmlegnopiu.it\/porte-finestre-milano\/maniglie-olivari-che-arredano-2\/#primaryimage"},"thumbnailUrl":"https:\/\/www.mmlegnopiu.it\/porte-finestre-milano\/wp-content\/uploads\/2020\/07\/maniglia-olivari.jpg","keywords":["maniglie","milano","news","olivari"],"articleSection":["News"],"inLanguage":"it-IT"},{"@type":"WebPage","@id":"https:\/\/www.mmlegnopiu.it\/porte-finestre-milano\/maniglie-olivari-che-arredano-2\/","url":"https:\/\/www.mmlegnopiu.it\/porte-finestre-milano\/maniglie-olivari-che-arredano-2\/","name":"Maniglie OLIVARI che arredano: foto e modelli","isPartOf":{"@id":"https:\/\/www.mmlegnopiu.it\/porte-finestre-milano\/#website"},"primaryImageOfPage":{"@id":"https:\/\/www.mmlegnopiu.it\/porte-finestre-milano\/maniglie-olivari-che-arredano-2\/#primaryimage"},"image":{"@id":"https:\/\/www.mmlegnopiu.it\/porte-finestre-milano\/maniglie-olivari-che-arredano-2\/#primaryimage"},"thumbnailUrl":"https:\/\/www.mmlegnopiu.it\/porte-finestre-milano\/wp-content\/uploads\/2020\/07\/maniglia-olivari.jpg","datePublished":"2023-02-25T09:06:56+00:00","description":"Vieni a trovarci nel nostro ampio show-room alle porte di Milano. Troverai un'ampia esposizione di tutte le maniglie Olivari a Milano.","breadcrumb":{"@id":"https:\/\/www.mmlegnopiu.it\/porte-finestre-milano\/maniglie-olivari-che-arredano-2\/#breadcrumb"},"inLanguage":"it-IT","potentialAction":[{"@type":"ReadAction","target":["https:\/\/www.mmlegnopiu.it\/porte-finestre-milano\/maniglie-olivari-che-arredano-2\/"]}]},{"@type":"ImageObject","inLanguage":"it-IT","@id":"https:\/\/www.mmlegnopiu.it\/porte-finestre-milano\/maniglie-olivari-che-arredano-2\/#primaryimage","url":"https:\/\/www.mmlegnopiu.it\/porte-finestre-milano\/wp-content\/uploads\/2020\/07\/maniglia-olivari.jpg","contentUrl":"https:\/\/www.mmlegnopiu.it\/porte-finestre-milano\/wp-content\/uploads\/2020\/07\/maniglia-olivari.jpg","width":1920,"height":1280},{"@type":"BreadcrumbList","@id":"https:\/\/www.mmlegnopiu.it\/porte-finestre-milano\/maniglie-olivari-che-arredano-2\/#breadcrumb","itemListElement":[{"@type":"ListItem","position":1,"name":"Home","item":"https:\/\/www.mmlegnopiu.it\/porte-finestre-milano\/"},{"@type":"ListItem","position":2,"name":"Maniglie Olivari che arredano"}]},{"@type":"WebSite","@id":"https:\/\/www.mmlegnopiu.it\/porte-finestre-milano\/#website","url":"https:\/\/www.mmlegnopiu.it\/porte-finestre-milano\/","name":"M&amp;M Legno Pi\u00f9","description":"Finestre Milano, porte, scale.","publisher":{"@id":"https:\/\/www.mmlegnopiu.it\/porte-finestre-milano\/#organization"},"potentialAction":[{"@type":"SearchAction","target":{"@type":"EntryPoint","urlTemplate":"https:\/\/www.mmlegnopiu.it\/porte-finestre-milano\/?s={search_term_string}"},"query-input":{"@type":"PropertyValueSpecification","valueRequired":true,"valueName":"search_term_string"}}],"inLanguage":"it-IT"},{"@type":"Organization","@id":"https:\/\/www.mmlegnopiu.it\/porte-finestre-milano\/#organization","name":"M & M Legno Pi\u00f9","url":"https:\/\/www.mmlegnopiu.it\/porte-finestre-milano\/","logo":{"@type":"ImageObject","inLanguage":"it-IT","@id":"https:\/\/www.mmlegnopiu.it\/porte-finestre-milano\/#\/schema\/logo\/image\/","url":"https:\/\/www.mmlegnopiu.it\/porte-finestre-milano\/wp-content\/uploads\/2015\/04\/logo.jpg","contentUrl":"https:\/\/www.mmlegnopiu.it\/porte-finestre-milano\/wp-content\/uploads\/2015\/04\/logo.jpg","width":214,"height":219,"caption":"M & M Legno Pi\u00f9"},"image":{"@id":"https:\/\/www.mmlegnopiu.it\/porte-finestre-milano\/#\/schema\/logo\/image\/"}},{"@type":"Person","@id":"https:\/\/www.mmlegnopiu.it\/porte-finestre-milano\/#\/schema\/person\/8abce2af3b001c7342fd5ec6e58599e3","name":"michela","image":{"@type":"ImageObject","inLanguage":"it-IT","@id":"https:\/\/www.mmlegnopiu.it\/porte-finestre-milano\/#\/schema\/person\/image\/","url":"https:\/\/secure.gravatar.com\/avatar\/ed54f26e894f2b3c3cd8a04a8759abce?s=96&d=mm&r=g","contentUrl":"https:\/\/secure.gravatar.com\/avatar\/ed54f26e894f2b3c3cd8a04a8759abce?s=96&d=mm&r=g","caption":"michela"},"url":"https:\/\/www.mmlegnopiu.it\/porte-finestre-milano\/author\/michela\/"}]}},"amp_enabled":true,"_links":{"self":[{"href":"https:\/\/www.mmlegnopiu.it\/porte-finestre-milano\/wp-json\/wp\/v2\/posts\/9399","targetHints":{"allow":["GET"]}}],"collection":[{"href":"https:\/\/www.mmlegnopiu.it\/porte-finestre-milano\/wp-json\/wp\/v2\/posts"}],"about":[{"href":"https:\/\/www.mmlegnopiu.it\/porte-finestre-milano\/wp-json\/wp\/v2\/types\/post"}],"author":[{"embeddable":true,"href":"https:\/\/www.mmlegnopiu.it\/porte-finestre-milano\/wp-json\/wp\/v2\/users\/3"}],"replies":[{"embeddable":true,"href":"https:\/\/www.mmlegnopiu.it\/porte-finestre-milano\/wp-json\/wp\/v2\/comments?post=9399"}],"version-history":[{"count":4,"href":"https:\/\/www.mmlegnopiu.it\/porte-finestre-milano\/wp-json\/wp\/v2\/posts\/9399\/revisions"}],"predecessor-version":[{"id":10733,"href":"https:\/\/www.mmlegnopiu.it\/porte-finestre-milano\/wp-json\/wp\/v2\/posts\/9399\/revisions\/10733"}],"wp:featuredmedia":[{"embeddable":true,"href":"https:\/\/www.mmlegnopiu.it\/porte-finestre-milano\/wp-json\/wp\/v2\/media\/9401"}],"wp:attachment":[{"href":"https:\/\/www.mmlegnopiu.it\/porte-finestre-milano\/wp-json\/wp\/v2\/media?parent=9399"}],"wp:term":[{"taxonomy":"category","embeddable":true,"href":"https:\/\/www.mmlegnopiu.it\/porte-finestre-milano\/wp-json\/wp\/v2\/categories?post=9399"},{"taxonomy":"post_tag","embeddable":true,"href":"https:\/\/www.mmlegnopiu.it\/porte-finestre-milano\/wp-json\/wp\/v2\/tags?post=9399"}],"curies":[{"name":"wp","href":"https:\/\/api.w.org\/{rel}","templated":true}]}}