{"id":9408,"date":"2023-07-17T11:41:29","date_gmt":"2023-07-17T09:41:29","guid":{"rendered":"http:\/\/www.mmlegnopiu.it\/porte-finestre-milano\/?p=9408"},"modified":"2023-07-17T11:41:29","modified_gmt":"2023-07-17T09:41:29","slug":"portone-garage-ballan","status":"publish","type":"post","link":"https:\/\/www.mmlegnopiu.it\/porte-finestre-milano\/portone-garage-ballan\/","title":{"rendered":"Scegliere il portone per il garage"},"content":{"rendered":"<h1 style=\"text-align: center;\"><strong><span style=\"font-size: 150%;\">Personalizzabile con svariati accessori e finiture, il portone per il garage &#8211; basculante o sezionale &#8211; \u00e8 sempre pi\u00f9 \u201csu misura\u201d<\/span><\/strong><\/h1>\n<p>&nbsp;<\/p>\n<p>&nbsp;<\/p>\n<h4><img loading=\"lazy\" decoding=\"async\" class=\"size-full wp-image-9410 aligncenter\" src=\"http:\/\/www.mmlegnopiu.it\/porte-finestre-milano\/wp-content\/uploads\/2020\/07\/basculante-ballan.jpg\" alt=\"\" width=\"1334\" height=\"750\" srcset=\"https:\/\/www.mmlegnopiu.it\/porte-finestre-milano\/wp-content\/uploads\/2020\/07\/basculante-ballan.jpg 1334w, https:\/\/www.mmlegnopiu.it\/porte-finestre-milano\/wp-content\/uploads\/2020\/07\/basculante-ballan-400x225.jpg 400w, https:\/\/www.mmlegnopiu.it\/porte-finestre-milano\/wp-content\/uploads\/2020\/07\/basculante-ballan-300x169.jpg 300w, https:\/\/www.mmlegnopiu.it\/porte-finestre-milano\/wp-content\/uploads\/2020\/07\/basculante-ballan-1024x576.jpg 1024w, https:\/\/www.mmlegnopiu.it\/porte-finestre-milano\/wp-content\/uploads\/2020\/07\/basculante-ballan-768x432.jpg 768w, https:\/\/www.mmlegnopiu.it\/porte-finestre-milano\/wp-content\/uploads\/2020\/07\/basculante-ballan-600x337.jpg 600w\" sizes=\"auto, (max-width: 1334px) 100vw, 1334px\" \/><a href=\"https:\/\/www.ballan.com\/prodotti\/porte-basculanti-da-garage\/myfusion\"><strong>Portone basculante MY FUSION BALLAN<\/strong><\/a><\/h4>\n<h2>Porte basculanti per tutte le dimensioni di garage, perfettamente integrate in ogni contesto.<\/h2>\n<h2>Questo era l\u2019obiettivo dello studio che ha portato l\u2019ufficio ricerca e sviluppo della Ballan alla realizzazione di porte da garage che garantissero la massima robustezza certificata in classe 3, una ottima efficienza termica, insieme ad un risultato estetico eccellente e variabile grazie alle diverse finiture della superficie.<\/h2>\n<h2>Una pannellatura che si colloca in qualsiasi misura di garage, perch\u00e9 con le 3 esclusive strutture si ottimizzano gli spazi e gli ingombri.<\/h2>\n<h2>Le automazioni sicure e silenziose, adeguate alla struttura, sono progettate interamente dall&#8217;azienda e garantiscono la migliore efficienza di funzionamento.<\/h2>\n<h2>Tutto questo realizzato con un processo produttivo industrializzato che ha permesso di contenere i costi, tutelando una produzione totalmente Made in Ballan arricchita dalla nuova profilatrice per finitura goffrato legno.<\/h2>\n<p>&nbsp;<\/p>\n<p>&nbsp;<\/p>\n<p>&nbsp;<\/p>\n<h4><img loading=\"lazy\" decoding=\"async\" class=\"size-full wp-image-9411 aligncenter\" src=\"http:\/\/www.mmlegnopiu.it\/porte-finestre-milano\/wp-content\/uploads\/2020\/07\/basculante-ballan-1.jpg\" alt=\"\" width=\"1332\" height=\"750\" srcset=\"https:\/\/www.mmlegnopiu.it\/porte-finestre-milano\/wp-content\/uploads\/2020\/07\/basculante-ballan-1.jpg 1332w, https:\/\/www.mmlegnopiu.it\/porte-finestre-milano\/wp-content\/uploads\/2020\/07\/basculante-ballan-1-400x225.jpg 400w, https:\/\/www.mmlegnopiu.it\/porte-finestre-milano\/wp-content\/uploads\/2020\/07\/basculante-ballan-1-300x169.jpg 300w, https:\/\/www.mmlegnopiu.it\/porte-finestre-milano\/wp-content\/uploads\/2020\/07\/basculante-ballan-1-1024x577.jpg 1024w, https:\/\/www.mmlegnopiu.it\/porte-finestre-milano\/wp-content\/uploads\/2020\/07\/basculante-ballan-1-768x432.jpg 768w, https:\/\/www.mmlegnopiu.it\/porte-finestre-milano\/wp-content\/uploads\/2020\/07\/basculante-ballan-1-600x338.jpg 600w\" sizes=\"auto, (max-width: 1332px) 100vw, 1332px\" \/><strong><a href=\"https:\/\/www.ballan.com\/prodotti\/porte-basculanti-da-garage\/linealegno-hf\">Portone basculante LINEALEGNO BALLAN<\/a><\/strong><\/h4>\n<p>&nbsp;<\/p>\n<h2>Linealegno HF \u00e8 la porta basculante Ballan progettata per rispettare i pi\u00f9 alti requisiti relativi alla trasmittanza termica per la riqualificazione energetica degli edifici, comprovati dalle verifiche effettuate con un ente notificato.<\/h2>\n<h2>Un grande risultato che si traduce in concreto risparmio energetico (e nella possibilit\u00e0 di ottenere gli sgravi fiscali previsti per legge), ottenuto grazie alla riduzione dei ponti termici fra la struttura interna e le parti in legno esterne, allo spessore complessivo dell\u2019anta (da un minimo di 105 mm, a seconda del modello) e alla distribuzione ottimale del materiale coibentante inserito internamente, nonch\u00e9 alle guarnizioni perimetrali e alla zoccolatura inferiore coprisoglia in materiale termoplastico.<\/h2>\n<p>&nbsp;<\/p>\n<p>&nbsp;<\/p>\n<p><img loading=\"lazy\" decoding=\"async\" class=\"size-full wp-image-9412 aligncenter\" src=\"http:\/\/www.mmlegnopiu.it\/porte-finestre-milano\/wp-content\/uploads\/2020\/07\/portone-sezionale-ballan.jpg\" alt=\"\" width=\"1332\" height=\"750\" srcset=\"https:\/\/www.mmlegnopiu.it\/porte-finestre-milano\/wp-content\/uploads\/2020\/07\/portone-sezionale-ballan.jpg 1332w, https:\/\/www.mmlegnopiu.it\/porte-finestre-milano\/wp-content\/uploads\/2020\/07\/portone-sezionale-ballan-400x225.jpg 400w, https:\/\/www.mmlegnopiu.it\/porte-finestre-milano\/wp-content\/uploads\/2020\/07\/portone-sezionale-ballan-300x169.jpg 300w, https:\/\/www.mmlegnopiu.it\/porte-finestre-milano\/wp-content\/uploads\/2020\/07\/portone-sezionale-ballan-1024x577.jpg 1024w, https:\/\/www.mmlegnopiu.it\/porte-finestre-milano\/wp-content\/uploads\/2020\/07\/portone-sezionale-ballan-768x432.jpg 768w, https:\/\/www.mmlegnopiu.it\/porte-finestre-milano\/wp-content\/uploads\/2020\/07\/portone-sezionale-ballan-600x338.jpg 600w\" sizes=\"auto, (max-width: 1332px) 100vw, 1332px\" \/><a href=\"https:\/\/www.ballan.com\/prodotti\/porte-sezionali-da-garage\/onda\"><strong>Portone sezionale ONDA BALLAN<\/strong><\/a><\/p>\n<p>&nbsp;<\/p>\n<h2>Il primo, grande vantaggio della porta sezionale Onda \u00e8 la praticit\u00e0: sale in verticale e scorre parallela al soffitto, senza ingombrare n\u00e9 dentro n\u00e9 fuori il garage.<\/h2>\n<h2>Una praticit\u00e0 che si apprezza in modo particolare quando l&#8217;ingresso del garage si affaccia su un passaggio pedonale o direttamente sulla strada, e naturalmente quando l&#8217;autorimessa \u00e8 &#8220;su misura&#8221; dell&#8217;automobile.<\/h2>\n<p>&nbsp;<\/p>\n<p>&nbsp;<\/p>\n<h4><img loading=\"lazy\" decoding=\"async\" class=\"size-full wp-image-9413 aligncenter\" src=\"http:\/\/www.mmlegnopiu.it\/porte-finestre-milano\/wp-content\/uploads\/2020\/07\/portone-sezionale-ballan-1.jpg\" alt=\"\" width=\"1410\" height=\"698\" srcset=\"https:\/\/www.mmlegnopiu.it\/porte-finestre-milano\/wp-content\/uploads\/2020\/07\/portone-sezionale-ballan-1.jpg 1410w, https:\/\/www.mmlegnopiu.it\/porte-finestre-milano\/wp-content\/uploads\/2020\/07\/portone-sezionale-ballan-1-400x198.jpg 400w, https:\/\/www.mmlegnopiu.it\/porte-finestre-milano\/wp-content\/uploads\/2020\/07\/portone-sezionale-ballan-1-300x149.jpg 300w, https:\/\/www.mmlegnopiu.it\/porte-finestre-milano\/wp-content\/uploads\/2020\/07\/portone-sezionale-ballan-1-1024x507.jpg 1024w, https:\/\/www.mmlegnopiu.it\/porte-finestre-milano\/wp-content\/uploads\/2020\/07\/portone-sezionale-ballan-1-768x380.jpg 768w, https:\/\/www.mmlegnopiu.it\/porte-finestre-milano\/wp-content\/uploads\/2020\/07\/portone-sezionale-ballan-1-600x297.jpg 600w\" sizes=\"auto, (max-width: 1410px) 100vw, 1410px\" \/><a href=\"https:\/\/www.ballan.com\/prodotti\/porte-sezionali-da-garage\/flexa\"><strong>Portone sezionale FLEXA BALLAN<\/strong><\/a><\/h4>\n<p>&nbsp;<\/p>\n<h2>Progetto esclusivo Ballan la nuova Flexa \u00e8 la porta a scorrimento laterale che permette una chiusura adeguata anche in situazioni difficili.<\/h2>\n<h2>Questa classica chiusura per garage \u00e8 apprezzata da sempre per il suo comodo utilizzo&#8230; perch\u00e8 pu\u00f2 essere aperta parzialmente a tutta altezza per fare passare persone o cose, come ad esempio la bicicletta o la moto.<\/h2>\n<h2>La porta Flexa \u00e8 composta dalla struttura perimetrale, guida inferiore portante in acciaio zincato e guida superiore in acciaio zincato verniciato simil Ral 9016.<\/h2>\n<h2>I pannelli coibentati spessore 40 mm e larghezza 500 mm sono realizzati con due pareti in lamiera d\u2019acciaio zincata con all\u2019interno schiuma poliuretanica ignifuga e priva di HCFC, che isola termicamente e acusticamente l\u2019interno del garage.<\/h2>\n<h2>Sono disponibili in diverse finiture, anche effetto legno, abbinabili a serramenti o porte sezionali gi\u00e0 esistenti.<\/h2>\n<p>&nbsp;<\/p>\n<p>&nbsp;<\/p>\n<p>&nbsp;<\/p>\n<p>&nbsp;<\/p>\n<p><em>Vieni a trovarci nel nostro <a href=\"https:\/\/www.mmlegnopiu.it\/porte-finestre-milano\/contatti\/\">show-room alle porte di Milano<\/a>, per scoprire tutta la gamma portoni da garage Ballan.<\/em><\/p>\n<p>&nbsp;<\/p>\n<p>&nbsp;<\/p>\n","protected":false},"excerpt":{"rendered":"<p>Personalizzabile con svariati accessori e finiture, il portone per il garage &#8211; basculante o sezionale &#8211; \u00e8 sempre pi\u00f9 \u201csu misura\u201d &nbsp; &nbsp; Portone basculante MY FUSION BALLAN Porte basculanti per tutte le dimensioni di garage, perfettamente integrate in ogni contesto. Questo era l\u2019obiettivo dello studio che ha portato l\u2019ufficio ricerca e sviluppo della Ballan [&#8230;]\n","protected":false},"author":3,"featured_media":9414,"comment_status":"closed","ping_status":"closed","sticky":false,"template":"","format":"standard","meta":{"footnotes":""},"categories":[1],"tags":[437,620],"class_list":["post-9408","post","type-post","status-publish","format-standard","has-post-thumbnail","hentry","category-news","tag-ballan","tag-portone-garage"],"yoast_head":"<!-- This site is optimized with the Yoast SEO plugin v26.8 - https:\/\/yoast.com\/product\/yoast-seo-wordpress\/ -->\n<title>Come scegliere il portone da garage... Modelli, tipologie e foto<\/title>\n<meta name=\"description\" content=\"Vieni a trovarci nel nostro ampio show-room alle porte di Milano. Troverai un&#039;ampia esposizione di portoni da garage Ballan\" \/>\n<meta name=\"robots\" content=\"index, follow, max-snippet:-1, max-image-preview:large, max-video-preview:-1\" \/>\n<link rel=\"canonical\" href=\"https:\/\/www.mmlegnopiu.it\/porte-finestre-milano\/portone-garage-ballan\/\" \/>\n<meta property=\"og:locale\" content=\"it_IT\" \/>\n<meta property=\"og:type\" content=\"article\" \/>\n<meta property=\"og:title\" content=\"Come scegliere il portone da garage... Modelli, tipologie e foto\" \/>\n<meta property=\"og:description\" content=\"Vieni a trovarci nel nostro ampio show-room alle porte di Milano. Troverai un&#039;ampia esposizione di portoni da garage Ballan\" \/>\n<meta property=\"og:url\" content=\"https:\/\/www.mmlegnopiu.it\/porte-finestre-milano\/portone-garage-ballan\/\" \/>\n<meta property=\"og:site_name\" content=\"M&amp;M Legno Pi\u00f9\" \/>\n<meta property=\"article:published_time\" content=\"2023-07-17T09:41:29+00:00\" \/>\n<meta property=\"og:image\" content=\"http:\/\/www.mmlegnopiu.it\/porte-finestre-milano\/wp-content\/uploads\/2020\/07\/portone-sezionale-ballan-2.jpg\" \/>\n\t<meta property=\"og:image:width\" content=\"799\" \/>\n\t<meta property=\"og:image:height\" content=\"450\" \/>\n\t<meta property=\"og:image:type\" content=\"image\/jpeg\" \/>\n<meta name=\"author\" content=\"michela\" \/>\n<meta name=\"twitter:card\" content=\"summary_large_image\" \/>\n<meta name=\"twitter:label1\" content=\"Scritto da\" \/>\n\t<meta name=\"twitter:data1\" content=\"michela\" \/>\n\t<meta name=\"twitter:label2\" content=\"Tempo di lettura stimato\" \/>\n\t<meta name=\"twitter:data2\" content=\"4 minuti\" \/>\n<script type=\"application\/ld+json\" class=\"yoast-schema-graph\">{\"@context\":\"https:\/\/schema.org\",\"@graph\":[{\"@type\":\"Article\",\"@id\":\"https:\/\/www.mmlegnopiu.it\/porte-finestre-milano\/portone-garage-ballan\/#article\",\"isPartOf\":{\"@id\":\"https:\/\/www.mmlegnopiu.it\/porte-finestre-milano\/portone-garage-ballan\/\"},\"author\":{\"name\":\"michela\",\"@id\":\"https:\/\/www.mmlegnopiu.it\/porte-finestre-milano\/#\/schema\/person\/8abce2af3b001c7342fd5ec6e58599e3\"},\"headline\":\"Scegliere il portone per il garage\",\"datePublished\":\"2023-07-17T09:41:29+00:00\",\"mainEntityOfPage\":{\"@id\":\"https:\/\/www.mmlegnopiu.it\/porte-finestre-milano\/portone-garage-ballan\/\"},\"wordCount\":501,\"publisher\":{\"@id\":\"https:\/\/www.mmlegnopiu.it\/porte-finestre-milano\/#organization\"},\"image\":{\"@id\":\"https:\/\/www.mmlegnopiu.it\/porte-finestre-milano\/portone-garage-ballan\/#primaryimage\"},\"thumbnailUrl\":\"https:\/\/www.mmlegnopiu.it\/porte-finestre-milano\/wp-content\/uploads\/2020\/07\/portone-sezionale-ballan-2.jpg\",\"keywords\":[\"ballan\",\"portone garage\"],\"articleSection\":[\"News\"],\"inLanguage\":\"it-IT\"},{\"@type\":\"WebPage\",\"@id\":\"https:\/\/www.mmlegnopiu.it\/porte-finestre-milano\/portone-garage-ballan\/\",\"url\":\"https:\/\/www.mmlegnopiu.it\/porte-finestre-milano\/portone-garage-ballan\/\",\"name\":\"Come scegliere il portone da garage... Modelli, tipologie e foto\",\"isPartOf\":{\"@id\":\"https:\/\/www.mmlegnopiu.it\/porte-finestre-milano\/#website\"},\"primaryImageOfPage\":{\"@id\":\"https:\/\/www.mmlegnopiu.it\/porte-finestre-milano\/portone-garage-ballan\/#primaryimage\"},\"image\":{\"@id\":\"https:\/\/www.mmlegnopiu.it\/porte-finestre-milano\/portone-garage-ballan\/#primaryimage\"},\"thumbnailUrl\":\"https:\/\/www.mmlegnopiu.it\/porte-finestre-milano\/wp-content\/uploads\/2020\/07\/portone-sezionale-ballan-2.jpg\",\"datePublished\":\"2023-07-17T09:41:29+00:00\",\"description\":\"Vieni a trovarci nel nostro ampio show-room alle porte di Milano. Troverai un'ampia esposizione di portoni da garage Ballan\",\"breadcrumb\":{\"@id\":\"https:\/\/www.mmlegnopiu.it\/porte-finestre-milano\/portone-garage-ballan\/#breadcrumb\"},\"inLanguage\":\"it-IT\",\"potentialAction\":[{\"@type\":\"ReadAction\",\"target\":[\"https:\/\/www.mmlegnopiu.it\/porte-finestre-milano\/portone-garage-ballan\/\"]}]},{\"@type\":\"ImageObject\",\"inLanguage\":\"it-IT\",\"@id\":\"https:\/\/www.mmlegnopiu.it\/porte-finestre-milano\/portone-garage-ballan\/#primaryimage\",\"url\":\"https:\/\/www.mmlegnopiu.it\/porte-finestre-milano\/wp-content\/uploads\/2020\/07\/portone-sezionale-ballan-2.jpg\",\"contentUrl\":\"https:\/\/www.mmlegnopiu.it\/porte-finestre-milano\/wp-content\/uploads\/2020\/07\/portone-sezionale-ballan-2.jpg\",\"width\":799,\"height\":450},{\"@type\":\"BreadcrumbList\",\"@id\":\"https:\/\/www.mmlegnopiu.it\/porte-finestre-milano\/portone-garage-ballan\/#breadcrumb\",\"itemListElement\":[{\"@type\":\"ListItem\",\"position\":1,\"name\":\"Home\",\"item\":\"https:\/\/www.mmlegnopiu.it\/porte-finestre-milano\/\"},{\"@type\":\"ListItem\",\"position\":2,\"name\":\"Scegliere il portone per il garage\"}]},{\"@type\":\"WebSite\",\"@id\":\"https:\/\/www.mmlegnopiu.it\/porte-finestre-milano\/#website\",\"url\":\"https:\/\/www.mmlegnopiu.it\/porte-finestre-milano\/\",\"name\":\"M&amp;M Legno Pi\u00f9\",\"description\":\"Finestre Milano, porte, scale.\",\"publisher\":{\"@id\":\"https:\/\/www.mmlegnopiu.it\/porte-finestre-milano\/#organization\"},\"potentialAction\":[{\"@type\":\"SearchAction\",\"target\":{\"@type\":\"EntryPoint\",\"urlTemplate\":\"https:\/\/www.mmlegnopiu.it\/porte-finestre-milano\/?s={search_term_string}\"},\"query-input\":{\"@type\":\"PropertyValueSpecification\",\"valueRequired\":true,\"valueName\":\"search_term_string\"}}],\"inLanguage\":\"it-IT\"},{\"@type\":\"Organization\",\"@id\":\"https:\/\/www.mmlegnopiu.it\/porte-finestre-milano\/#organization\",\"name\":\"M & M Legno Pi\u00f9\",\"url\":\"https:\/\/www.mmlegnopiu.it\/porte-finestre-milano\/\",\"logo\":{\"@type\":\"ImageObject\",\"inLanguage\":\"it-IT\",\"@id\":\"https:\/\/www.mmlegnopiu.it\/porte-finestre-milano\/#\/schema\/logo\/image\/\",\"url\":\"https:\/\/www.mmlegnopiu.it\/porte-finestre-milano\/wp-content\/uploads\/2015\/04\/logo.jpg\",\"contentUrl\":\"https:\/\/www.mmlegnopiu.it\/porte-finestre-milano\/wp-content\/uploads\/2015\/04\/logo.jpg\",\"width\":214,\"height\":219,\"caption\":\"M & M Legno Pi\u00f9\"},\"image\":{\"@id\":\"https:\/\/www.mmlegnopiu.it\/porte-finestre-milano\/#\/schema\/logo\/image\/\"}},{\"@type\":\"Person\",\"@id\":\"https:\/\/www.mmlegnopiu.it\/porte-finestre-milano\/#\/schema\/person\/8abce2af3b001c7342fd5ec6e58599e3\",\"name\":\"michela\",\"image\":{\"@type\":\"ImageObject\",\"inLanguage\":\"it-IT\",\"@id\":\"https:\/\/www.mmlegnopiu.it\/porte-finestre-milano\/#\/schema\/person\/image\/\",\"url\":\"https:\/\/secure.gravatar.com\/avatar\/ed54f26e894f2b3c3cd8a04a8759abce?s=96&d=mm&r=g\",\"contentUrl\":\"https:\/\/secure.gravatar.com\/avatar\/ed54f26e894f2b3c3cd8a04a8759abce?s=96&d=mm&r=g\",\"caption\":\"michela\"},\"url\":\"https:\/\/www.mmlegnopiu.it\/porte-finestre-milano\/author\/michela\/\"}]}<\/script>\n<!-- \/ Yoast SEO plugin. -->","yoast_head_json":{"title":"Come scegliere il portone da garage... Modelli, tipologie e foto","description":"Vieni a trovarci nel nostro ampio show-room alle porte di Milano. Troverai un'ampia esposizione di portoni da garage Ballan","robots":{"index":"index","follow":"follow","max-snippet":"max-snippet:-1","max-image-preview":"max-image-preview:large","max-video-preview":"max-video-preview:-1"},"canonical":"https:\/\/www.mmlegnopiu.it\/porte-finestre-milano\/portone-garage-ballan\/","og_locale":"it_IT","og_type":"article","og_title":"Come scegliere il portone da garage... Modelli, tipologie e foto","og_description":"Vieni a trovarci nel nostro ampio show-room alle porte di Milano. Troverai un'ampia esposizione di portoni da garage Ballan","og_url":"https:\/\/www.mmlegnopiu.it\/porte-finestre-milano\/portone-garage-ballan\/","og_site_name":"M&amp;M Legno Pi\u00f9","article_published_time":"2023-07-17T09:41:29+00:00","og_image":[{"width":799,"height":450,"url":"http:\/\/www.mmlegnopiu.it\/porte-finestre-milano\/wp-content\/uploads\/2020\/07\/portone-sezionale-ballan-2.jpg","type":"image\/jpeg"}],"author":"michela","twitter_card":"summary_large_image","twitter_misc":{"Scritto da":"michela","Tempo di lettura stimato":"4 minuti"},"schema":{"@context":"https:\/\/schema.org","@graph":[{"@type":"Article","@id":"https:\/\/www.mmlegnopiu.it\/porte-finestre-milano\/portone-garage-ballan\/#article","isPartOf":{"@id":"https:\/\/www.mmlegnopiu.it\/porte-finestre-milano\/portone-garage-ballan\/"},"author":{"name":"michela","@id":"https:\/\/www.mmlegnopiu.it\/porte-finestre-milano\/#\/schema\/person\/8abce2af3b001c7342fd5ec6e58599e3"},"headline":"Scegliere il portone per il garage","datePublished":"2023-07-17T09:41:29+00:00","mainEntityOfPage":{"@id":"https:\/\/www.mmlegnopiu.it\/porte-finestre-milano\/portone-garage-ballan\/"},"wordCount":501,"publisher":{"@id":"https:\/\/www.mmlegnopiu.it\/porte-finestre-milano\/#organization"},"image":{"@id":"https:\/\/www.mmlegnopiu.it\/porte-finestre-milano\/portone-garage-ballan\/#primaryimage"},"thumbnailUrl":"https:\/\/www.mmlegnopiu.it\/porte-finestre-milano\/wp-content\/uploads\/2020\/07\/portone-sezionale-ballan-2.jpg","keywords":["ballan","portone garage"],"articleSection":["News"],"inLanguage":"it-IT"},{"@type":"WebPage","@id":"https:\/\/www.mmlegnopiu.it\/porte-finestre-milano\/portone-garage-ballan\/","url":"https:\/\/www.mmlegnopiu.it\/porte-finestre-milano\/portone-garage-ballan\/","name":"Come scegliere il portone da garage... Modelli, tipologie e foto","isPartOf":{"@id":"https:\/\/www.mmlegnopiu.it\/porte-finestre-milano\/#website"},"primaryImageOfPage":{"@id":"https:\/\/www.mmlegnopiu.it\/porte-finestre-milano\/portone-garage-ballan\/#primaryimage"},"image":{"@id":"https:\/\/www.mmlegnopiu.it\/porte-finestre-milano\/portone-garage-ballan\/#primaryimage"},"thumbnailUrl":"https:\/\/www.mmlegnopiu.it\/porte-finestre-milano\/wp-content\/uploads\/2020\/07\/portone-sezionale-ballan-2.jpg","datePublished":"2023-07-17T09:41:29+00:00","description":"Vieni a trovarci nel nostro ampio show-room alle porte di Milano. Troverai un'ampia esposizione di portoni da garage Ballan","breadcrumb":{"@id":"https:\/\/www.mmlegnopiu.it\/porte-finestre-milano\/portone-garage-ballan\/#breadcrumb"},"inLanguage":"it-IT","potentialAction":[{"@type":"ReadAction","target":["https:\/\/www.mmlegnopiu.it\/porte-finestre-milano\/portone-garage-ballan\/"]}]},{"@type":"ImageObject","inLanguage":"it-IT","@id":"https:\/\/www.mmlegnopiu.it\/porte-finestre-milano\/portone-garage-ballan\/#primaryimage","url":"https:\/\/www.mmlegnopiu.it\/porte-finestre-milano\/wp-content\/uploads\/2020\/07\/portone-sezionale-ballan-2.jpg","contentUrl":"https:\/\/www.mmlegnopiu.it\/porte-finestre-milano\/wp-content\/uploads\/2020\/07\/portone-sezionale-ballan-2.jpg","width":799,"height":450},{"@type":"BreadcrumbList","@id":"https:\/\/www.mmlegnopiu.it\/porte-finestre-milano\/portone-garage-ballan\/#breadcrumb","itemListElement":[{"@type":"ListItem","position":1,"name":"Home","item":"https:\/\/www.mmlegnopiu.it\/porte-finestre-milano\/"},{"@type":"ListItem","position":2,"name":"Scegliere il portone per il garage"}]},{"@type":"WebSite","@id":"https:\/\/www.mmlegnopiu.it\/porte-finestre-milano\/#website","url":"https:\/\/www.mmlegnopiu.it\/porte-finestre-milano\/","name":"M&amp;M Legno Pi\u00f9","description":"Finestre Milano, porte, scale.","publisher":{"@id":"https:\/\/www.mmlegnopiu.it\/porte-finestre-milano\/#organization"},"potentialAction":[{"@type":"SearchAction","target":{"@type":"EntryPoint","urlTemplate":"https:\/\/www.mmlegnopiu.it\/porte-finestre-milano\/?s={search_term_string}"},"query-input":{"@type":"PropertyValueSpecification","valueRequired":true,"valueName":"search_term_string"}}],"inLanguage":"it-IT"},{"@type":"Organization","@id":"https:\/\/www.mmlegnopiu.it\/porte-finestre-milano\/#organization","name":"M & M Legno Pi\u00f9","url":"https:\/\/www.mmlegnopiu.it\/porte-finestre-milano\/","logo":{"@type":"ImageObject","inLanguage":"it-IT","@id":"https:\/\/www.mmlegnopiu.it\/porte-finestre-milano\/#\/schema\/logo\/image\/","url":"https:\/\/www.mmlegnopiu.it\/porte-finestre-milano\/wp-content\/uploads\/2015\/04\/logo.jpg","contentUrl":"https:\/\/www.mmlegnopiu.it\/porte-finestre-milano\/wp-content\/uploads\/2015\/04\/logo.jpg","width":214,"height":219,"caption":"M & M Legno Pi\u00f9"},"image":{"@id":"https:\/\/www.mmlegnopiu.it\/porte-finestre-milano\/#\/schema\/logo\/image\/"}},{"@type":"Person","@id":"https:\/\/www.mmlegnopiu.it\/porte-finestre-milano\/#\/schema\/person\/8abce2af3b001c7342fd5ec6e58599e3","name":"michela","image":{"@type":"ImageObject","inLanguage":"it-IT","@id":"https:\/\/www.mmlegnopiu.it\/porte-finestre-milano\/#\/schema\/person\/image\/","url":"https:\/\/secure.gravatar.com\/avatar\/ed54f26e894f2b3c3cd8a04a8759abce?s=96&d=mm&r=g","contentUrl":"https:\/\/secure.gravatar.com\/avatar\/ed54f26e894f2b3c3cd8a04a8759abce?s=96&d=mm&r=g","caption":"michela"},"url":"https:\/\/www.mmlegnopiu.it\/porte-finestre-milano\/author\/michela\/"}]}},"amp_enabled":true,"_links":{"self":[{"href":"https:\/\/www.mmlegnopiu.it\/porte-finestre-milano\/wp-json\/wp\/v2\/posts\/9408","targetHints":{"allow":["GET"]}}],"collection":[{"href":"https:\/\/www.mmlegnopiu.it\/porte-finestre-milano\/wp-json\/wp\/v2\/posts"}],"about":[{"href":"https:\/\/www.mmlegnopiu.it\/porte-finestre-milano\/wp-json\/wp\/v2\/types\/post"}],"author":[{"embeddable":true,"href":"https:\/\/www.mmlegnopiu.it\/porte-finestre-milano\/wp-json\/wp\/v2\/users\/3"}],"replies":[{"embeddable":true,"href":"https:\/\/www.mmlegnopiu.it\/porte-finestre-milano\/wp-json\/wp\/v2\/comments?post=9408"}],"version-history":[{"count":4,"href":"https:\/\/www.mmlegnopiu.it\/porte-finestre-milano\/wp-json\/wp\/v2\/posts\/9408\/revisions"}],"predecessor-version":[{"id":10973,"href":"https:\/\/www.mmlegnopiu.it\/porte-finestre-milano\/wp-json\/wp\/v2\/posts\/9408\/revisions\/10973"}],"wp:featuredmedia":[{"embeddable":true,"href":"https:\/\/www.mmlegnopiu.it\/porte-finestre-milano\/wp-json\/wp\/v2\/media\/9414"}],"wp:attachment":[{"href":"https:\/\/www.mmlegnopiu.it\/porte-finestre-milano\/wp-json\/wp\/v2\/media?parent=9408"}],"wp:term":[{"taxonomy":"category","embeddable":true,"href":"https:\/\/www.mmlegnopiu.it\/porte-finestre-milano\/wp-json\/wp\/v2\/categories?post=9408"},{"taxonomy":"post_tag","embeddable":true,"href":"https:\/\/www.mmlegnopiu.it\/porte-finestre-milano\/wp-json\/wp\/v2\/tags?post=9408"}],"curies":[{"name":"wp","href":"https:\/\/api.w.org\/{rel}","templated":true}]}}